{"id":18514,"date":"2024-02-22T14:31:30","date_gmt":"2024-02-22T19:31:30","guid":{"rendered":"https:\/\/lebaroudeur.ca\/nos-vehicules-amenages\/"},"modified":"2024-06-07T05:52:31","modified_gmt":"2024-06-07T09:52:31","slug":"nos-vehicules-amenages","status":"publish","type":"post","link":"https:\/\/lebaroudeur.ca\/fr_fr\/nos-vehicules-amenages\/","title":{"rendered":"Nos v\u00e9hicules am\u00e9nag\u00e9s en location: lequel choisir?"},"content":{"rendered":"\n<p>Tu souhaites partir en road trip avec une van am\u00e9nag\u00e9e du Baroudeur, mais tu ne sais pas quel mod\u00e8le choisir? On t&rsquo;explique ici les diff\u00e9rences entre la minivan et le VUS Pr\u00eat-\u00e0-camper.<\/p>\n\n\n\n<p>Mais avant de d\u00e9buter, mettons une chose au clair : Au Qu\u00e9bec, on dit UNE van am\u00e9nag\u00e9e, et non un van\ud83d\ude09 Ne soit pas surpris\u2022e lorsque tu entendras parler de ta van au f\u00e9minin, c\u2019est bien comme \u00e7a qu\u2019on l\u2019appelle ici!<\/p>\n\n\n\n<h2 class=\"wp-block-heading\"><strong>C\u2019est quoi, une minivan?<\/strong><\/h2>\n\n\n\n<p>Une minivan est un v\u00e9hicule 7 places, aussi appel\u00e9 minifourgonnette, ou encore monospace (France). Bien que sa vocation premi\u00e8re ne soit pas d\u2019y camper, nous l\u2019avons choisi vu son grand espace de chargement facilitant l\u2019am\u00e9nagement, ainsi que la possibilit\u00e9 de conserver des places assises avec les si\u00e8ges encastrables. Contrairement au camping-car (aussi appel\u00e9 motoris\u00e9 ou VR), la minivan permet d\u2019avoir un am\u00e9nagement tr\u00e8s confortable sans co\u00fbter un bras, voire deux! Avec ses 5 m\u00e8tres de long, elle est aussi beaucoup plus petite qu\u2019un camping-car, et tr\u00e8s facile \u00e0 conduire. C\u2019est pourquoi c\u2019est notre v\u00e9hicule chouchou pour le camping au Baroudeur.<\/p>\n\n\n\n<div class=\"wp-block-columns is-layout-flex wp-container-core-columns-is-layout-9d6595d7 wp-block-columns-is-layout-flex\">\n<div class=\"wp-block-column is-layout-flow wp-block-column-is-layout-flow\" style=\"flex-basis:33.33%\">\n<div style=\"width:100%;height:0;padding-bottom:100%;position:relative;\"><iframe data-src=\"https:\/\/giphy.com\/embed\/lj88HzLuh0Ci18dpmJ\" width=\"100%\" height=\"100%\" style=\"position:absolute\" frameBorder=\"0\" class=\"giphy-embed lazyload\" allowFullScreen src=\"data:image\/svg+xml;base64,PHN2ZyB3aWR0aD0iMSIgaGVpZ2h0PSIxIiB4bWxucz0iaHR0cDovL3d3dy53My5vcmcvMjAwMC9zdmciPjwvc3ZnPg==\" data-load-mode=\"1\"><\/iframe><\/div>\n<\/div>\n\n\n\n<div class=\"wp-block-column is-layout-flow wp-block-column-is-layout-flow\" style=\"flex-basis:66.66%\">\n<figure class=\"wp-block-image size-full\"><img decoding=\"async\" width=\"720\" height=\"405\" data-src=\"https:\/\/lebaroudeur.ca\/wp-content\/uploads\/2021\/04\/Co\u0302te-Nord-\u00a9VirginieVandystadtjpg-e1618393345643.jpg\" alt=\"\" class=\"wp-image-15723 lazyload\" title=\"\" src=\"data:image\/svg+xml;base64,PHN2ZyB3aWR0aD0iMSIgaGVpZ2h0PSIxIiB4bWxucz0iaHR0cDovL3d3dy53My5vcmcvMjAwMC9zdmciPjwvc3ZnPg==\" style=\"--smush-placeholder-width: 720px; --smush-placeholder-aspect-ratio: 720\/405;\"><figcaption class=\"wp-element-caption\">Roule jusqu&rsquo;au bout de la route avec Le Baroudeur<\/figcaption><\/figure>\n<\/div>\n<\/div>\n\n\n\n<h2 class=\"wp-block-heading\"><strong>Minivan vs VUS Pr\u00eat-\u00e0-camper: quoi choisir?<\/strong><\/h2>\n\n\n\n<p>Tu as pu remarquer que nous offrons 2 types de v\u00e9hicules \u00e0 louer : la minivan am\u00e9nag\u00e9e et le VUS Pr\u00eat-\u00e0-camper. Bien qu\u2019ils soient tous les 2 am\u00e9nag\u00e9s par nos soins, ils offrent une exp\u00e9rience compl\u00e8tement diff\u00e9rente, mais tout aussi amusante\ud83d\ude42 Alors lequel choisir? Voici les questions \u00e0 te poser.&nbsp;<\/p>\n\n\n\n<ol class=\"wp-block-list\">\n<li><em>Combien de personnes seront du voyage?<\/em> 2 ou moins = minivan ou VUS, 2 \u00e0 4 = minivan<\/li>\n\n\n\n<li><em>Est-ce important pour moi de dormir DANS le v\u00e9hicule (tu comprendra plus tard cette dr\u00f4le de question\ud83d\ude1c)?<\/em> Oui = minivan \/ Peu importe = minivan ou VUS&nbsp;<\/li>\n\n\n\n<li><em>Ai-je envie de dormir sur des terrains de camping?<\/em> Oui = minivan ou VUS \/ Non = minivan (sans tente de toit\ud83d\ude09)<\/li>\n<\/ol>\n\n\n\n<figure class=\"wp-block-image aligncenter size-large\"><img decoding=\"async\" width=\"1024\" height=\"576\" data-src=\"https:\/\/lebaroudeur.ca\/wp-content\/uploads\/2024\/02\/Van_vs_VUS_vehicules_location_baroudeur-1024x576.jpg\" alt=\"\" class=\"wp-image-18066 lazyload\" title=\"\" src=\"data:image\/svg+xml;base64,PHN2ZyB3aWR0aD0iMSIgaGVpZ2h0PSIxIiB4bWxucz0iaHR0cDovL3d3dy53My5vcmcvMjAwMC9zdmciPjwvc3ZnPg==\" style=\"--smush-placeholder-width: 1024px; --smush-placeholder-aspect-ratio: 1024\/576;\"><\/figure>\n\n\n\n<p>Il est important de savoir qu\u2019en r\u00e9servant un VUS Pr\u00eat-\u00e0-camper, tu auras un v\u00e9hicule offrant un couchage en tente de toit seulement. Donc si tu souhaites pouvoir dormir \u00e0 l\u2019int\u00e9rieur de la voiture, il est pr\u00e9f\u00e9rable de choisir la minivan\ud83d\ude09 Le <a href=\"https:\/\/www.guideautoweb.com\/articles\/69233\/les-meilleurs-vus-compacts-en-2023\/\" target=\"_blank\" rel=\"noopener\">VUS<\/a> offre toutefois une conduite plus sportive avec ses 4 roues motrices, en plus d\u2019\u00eatre plus facile \u00e0 stationner vu sa petite taille. C\u2019est le bolide parfait pour les trippeux\u2022euses de plein-air qui aime quand \u00e7a bouge vite!<\/p>\n\n\n\n<p>Un autre point important \u00e0 prendre en consid\u00e9ration lors du choix de ton v\u00e9hicule est l\u2019endroit o\u00f9 tu souhaites t\u2019arr\u00eater pour dormir la nuit! En effet, il existe certaines r\u00e8gles \u00e0 respecter si l\u2019on veut voyager en mode <em>boondocking<\/em> (on t\u2019explique ce que c\u2019est <a href=\"https:\/\/lebaroudeur.ca\/roadtrip-quebec\/\">ici<\/a>), et la premi\u00e8re est de rester en mode furtif. Or, si tu comptes voyager avec le VUS et sa tente de toit, ou encore une minivan avec tente de toit, tu seras tout sauf incognito au moment du dodo! Alors penses-y bien lorsque tu choisiras ton bolide.<\/p>\n\n\n\n<h2 class=\"wp-block-heading\"><strong>Dodge, Chrysler, hybride : quelles sont les diff\u00e9rences?&nbsp;<\/strong><\/h2>\n\n\n\n<p>Maintenant que tu as choisi ton type de v\u00e9hicule et qu\u2019il s\u2019agit, disons, de la minivan, comment choisir entre les diff\u00e9rents mod\u00e8les? C\u2019est tr\u00e8s simple : si tu voyages \u00e0 plus de 2 personnes et\/ou si tu veux essayer l\u2019exp\u00e9rience \u00abtente de toit\u00bb, optes pour la minivan 4 personne mod\u00e8le Dodge Grand Caravan. Robuste et ayant fait ses preuves au fil du temps, on aime sa simplicit\u00e9 de conduite et d\u2019utilisation. Ok, tu n\u2019auras peut-\u00eatre les accessoires de conduite dernier cri, mais on te garantit une conduite des plus confortable et la paix d\u2019esprit pour ton voyage.<\/p>\n\n\n\n<div class=\"wp-block-columns is-layout-flex wp-container-core-columns-is-layout-9d6595d7 wp-block-columns-is-layout-flex\">\n<div class=\"wp-block-column is-layout-flow wp-block-column-is-layout-flow\">\n<figure class=\"wp-block-image aligncenter size-large is-resized\"><img decoding=\"async\" width=\"768\" height=\"1024\" data-src=\"https:\/\/lebaroudeur.ca\/wp-content\/uploads\/2024\/02\/baroudeur_location_van_chrysler-768x1024.jpg\" alt=\"\" class=\"wp-image-18068 lazyload\" style=\"--smush-placeholder-width: 768px; --smush-placeholder-aspect-ratio: 768\/1024;width:256px;height:auto\" title=\"\" src=\"data:image\/svg+xml;base64,PHN2ZyB3aWR0aD0iMSIgaGVpZ2h0PSIxIiB4bWxucz0iaHR0cDovL3d3dy53My5vcmcvMjAwMC9zdmciPjwvc3ZnPg==\"><figcaption class=\"wp-element-caption\">Chrysler Grand Caravan pour 1 \u00e0 2 personnes<\/figcaption><\/figure>\n<\/div>\n\n\n\n<div class=\"wp-block-column is-layout-flow wp-block-column-is-layout-flow\">\n<figure class=\"wp-block-image aligncenter size-large is-resized\"><img decoding=\"async\" width=\"1406\" height=\"1875\" data-src=\"https:\/\/lebaroudeur.ca\/wp-content\/uploads\/2024\/02\/baroudeur_location_van-edited.jpg\" alt=\"\" class=\"wp-image-18076 lazyload\" style=\"--smush-placeholder-width: 1406px; --smush-placeholder-aspect-ratio: 1406\/1875;width:254px;height:auto\" title=\"\" src=\"data:image\/svg+xml;base64,PHN2ZyB3aWR0aD0iMSIgaGVpZ2h0PSIxIiB4bWxucz0iaHR0cDovL3d3dy53My5vcmcvMjAwMC9zdmciPjwvc3ZnPg==\"><\/figure>\n<\/div>\n\n\n\n<div class=\"wp-block-column is-layout-flow wp-block-column-is-layout-flow\">\n<figure class=\"wp-block-image aligncenter size-large is-resized\"><img decoding=\"async\" width=\"1536\" height=\"1082\" data-src=\"https:\/\/lebaroudeur.ca\/wp-content\/uploads\/2024\/02\/IMG_0093-e1713386568701.jpg\" alt=\"\" class=\"wp-image-18090 lazyload\" style=\"--smush-placeholder-width: 1536px; --smush-placeholder-aspect-ratio: 1536\/1082;width:256px;height:auto\" title=\"\" src=\"data:image\/svg+xml;base64,PHN2ZyB3aWR0aD0iMSIgaGVpZ2h0PSIxIiB4bWxucz0iaHR0cDovL3d3dy53My5vcmcvMjAwMC9zdmciPjwvc3ZnPg==\"><figcaption class=\"wp-element-caption\">Dodge Grand Caravan et tente de toit pour  2 \u00e0 4 personnes <\/figcaption><\/figure>\n<\/div>\n<\/div>\n\n\n\n<p>Si tu voyages seul\u2022e ou \u00e0 2, tu as l\u2019embarras du choix! En plus des <a href=\"https:\/\/www.guideautoweb.com\/constructeurs\/dodge\/grand-caravan\/2020\/\" target=\"_blank\" rel=\"noopener\">Dodge Grand Caravan<\/a>, tu peux aussi choisir l\u2019une des minivans 2 personnes avec les mod\u00e8le r\u00e9cents de <a href=\"https:\/\/www.chrysler.ca\/fr\/grandcaravan\" target=\"_blank\" rel=\"noopener\">Chrysler Grand Caravan<\/a>, ou encore une voiture faible en consommation d\u2019essence comme la <a href=\"https:\/\/www.auto123.com\/fr\/vehicules-neufs\/caracteristiques\/chrysler\/pacifica-hybrid\/2021\/418430\/base\/\" target=\"_blank\" rel=\"noopener\">Chrysler Pacifica Hybride<\/a> (non n\u00e9gligeable quand on calcul son budget essence pour le voyage\ud83d\ude09).<\/p>\n\n\n\n<p>Chose certaine, peu importe le mod\u00e8le de voiture que tu choisiras, sache qu\u2019elles sont toutes am\u00e9nag\u00e9es et <a href=\"https:\/\/lebaroudeur.ca\/guide-pour-un-roadtrip-en-van-avec-le-baroudeur\/\">\u00e9quip\u00e9es de la m\u00eame mani\u00e8re<\/a>. La seule diff\u00e9rence : la tente sur le toit des vans pour 1 \u00e0 4 personnes!<\/p>\n\n\n\n<div class=\"wp-block-columns is-layout-flex wp-container-core-columns-is-layout-9d6595d7 wp-block-columns-is-layout-flex\">\n<div class=\"wp-block-column is-layout-flow wp-block-column-is-layout-flow\">\n<figure class=\"wp-block-image size-large\"><img decoding=\"async\" width=\"1024\" height=\"678\" data-src=\"https:\/\/lebaroudeur.ca\/wp-content\/uploads\/2024\/02\/van_location_lebaroudeur_1-1024x678.jpg\" alt=\"\" class=\"wp-image-18078 lazyload\" title=\"\" src=\"data:image\/svg+xml;base64,PHN2ZyB3aWR0aD0iMSIgaGVpZ2h0PSIxIiB4bWxucz0iaHR0cDovL3d3dy53My5vcmcvMjAwMC9zdmciPjwvc3ZnPg==\" style=\"--smush-placeholder-width: 1024px; --smush-placeholder-aspect-ratio: 1024\/678;\"><\/figure>\n<\/div>\n\n\n\n<div class=\"wp-block-column is-layout-flow wp-block-column-is-layout-flow\">\n<figure class=\"wp-block-image size-large\"><img decoding=\"async\" width=\"1024\" height=\"678\" data-src=\"https:\/\/lebaroudeur.ca\/wp-content\/uploads\/2024\/02\/van_location_lebaroudeur_3-1024x678.jpg\" alt=\"\" class=\"wp-image-18080 lazyload\" title=\"\" src=\"data:image\/svg+xml;base64,PHN2ZyB3aWR0aD0iMSIgaGVpZ2h0PSIxIiB4bWxucz0iaHR0cDovL3d3dy53My5vcmcvMjAwMC9zdmciPjwvc3ZnPg==\" style=\"--smush-placeholder-width: 1024px; --smush-placeholder-aspect-ratio: 1024\/678;\"><\/figure>\n<\/div>\n\n\n\n<div class=\"wp-block-column is-layout-flow wp-block-column-is-layout-flow\">\n<figure class=\"wp-block-image size-large\"><img decoding=\"async\" width=\"1024\" height=\"678\" data-src=\"https:\/\/lebaroudeur.ca\/wp-content\/uploads\/2024\/02\/van_location_lebaroudeur_2-1024x678.jpg\" alt=\"\" class=\"wp-image-18084 lazyload\" title=\"\" src=\"data:image\/svg+xml;base64,PHN2ZyB3aWR0aD0iMSIgaGVpZ2h0PSIxIiB4bWxucz0iaHR0cDovL3d3dy53My5vcmcvMjAwMC9zdmciPjwvc3ZnPg==\" style=\"--smush-placeholder-width: 1024px; --smush-placeholder-aspect-ratio: 1024\/678;\"><\/figure>\n<\/div>\n<\/div>\n\n\n\n<h2 class=\"wp-block-heading\"><strong>3 questions qu\u2019on nous pose tout le temps sur les vans&nbsp;<\/strong><\/h2>\n\n\n\n<p>On aime toujours r\u00e9pondre \u00e0 vos questions, alors voici celles qui nous reviennent le plus souvent au moment de choisir le v\u00e9hicule \u00e0 r\u00e9server.<\/p>\n\n\n\n<ol class=\"wp-block-list\">\n<li><em>Nous sommes 5 personnes, quel v\u00e9hicule je peux choisir?<\/em> Malheureusement, nos v\u00e9hicules peuvent accueillir un maximum de 4 personnes assises avec les ceintures de s\u00e9curit\u00e9, et pour le couchage.<\/li>\n\n\n\n<li><em>Nous sommes 2 adultes avec un enfant de moins de 3 ans. Devons-nous prendre une van pour 4 personnes? <\/em>Pas du tout! La grande majorit\u00e9 de nos minivans sont \u00e9quip\u00e9es de 4 si\u00e8ges avec ceinture de s\u00e9curit\u00e9, ce qui fait que ton petit humain pourra s\u2019asseoir confortablement \u00e0 l\u2019arri\u00e8re durant le voyage. Pour le dodo, il ne reste qu\u2019\u00e0 d\u00e9cider si vous partagez le lit 2 places avec lui ou si vous prenez l\u2019option \u00abLit pour b\u00e9b\u00e9\u00bb. Bien entendu, il est toujours possible de prendre une van avec tente de toit, mais nous ne recommandons pas aux enfants de moins de 5 ans d\u2019y dormir seul\ud83d\ude09. Le VUS n\u2019est malheureusement pas adapt\u00e9 pour recevoir plus de 2 personnes, assises et pour le couchage.&nbsp;<\/li>\n\n\n\n<li><em>C\u2019est quoi la diff\u00e9rence entre cette van 2 personnes et cette autre van 2 personnes? <\/em>Aucune! Toutes nos vans sont am\u00e9nag\u00e9es de la m\u00eame mani\u00e8re\ud83d\ude42&nbsp;<\/li>\n<\/ol>\n\n\n\n<p>Maintenant que nos diff\u00e9rents mod\u00e8les de v\u00e9hicules am\u00e9nag\u00e9s n\u2019ont plus de secret pour toi, rends-toi vite sur <a href=\"https:\/\/lebaroudeur.ca\/van-amenagee\/reservations\/\">notre site internet pour faire ta r\u00e9servation<\/a>! Et si tu as encore des questions, n\u2019h\u00e9site surtout pas \u00e0 nous contacter, on est l\u00e0 pour y r\u00e9pondre\ud83d\ude42<\/p>\n","protected":false},"excerpt":{"rendered":"<p>Tu souhaites partir en road trip avec une van am\u00e9nag\u00e9e du Baroudeur, mais tu ne sais pas quel mod\u00e8le choisir? On t&rsquo;explique ici les diff\u00e9rences entre la minivan et le VUS Pr\u00eat-\u00e0-camper. Mais avant de d\u00e9buter, mettons une chose au clair : Au Qu\u00e9bec, on dit UNE van am\u00e9nag\u00e9e, et non un van\ud83d\ude09 Ne soit [&hellip;]<\/p>\n","protected":false},"author":6,"featured_media":18516,"comment_status":"open","ping_status":"open","sticky":false,"template":"","format":"standard","meta":{"_et_pb_use_builder":"off","_et_pb_old_content":"","_et_gb_content_width":"","content-type":"","footnotes":""},"categories":[242,243,244],"tags":[],"class_list":["post-18514","post","type-post","status-publish","format-standard","has-post-thumbnail","hentry","category-conseils-fr_fr","category-en-lumiere-fr_fr","category-van-fr_fr"],"_links":{"self":[{"href":"https:\/\/lebaroudeur.ca\/fr_fr\/wp-json\/wp\/v2\/posts\/18514","targetHints":{"allow":["GET"]}}],"collection":[{"href":"https:\/\/lebaroudeur.ca\/fr_fr\/wp-json\/wp\/v2\/posts"}],"about":[{"href":"https:\/\/lebaroudeur.ca\/fr_fr\/wp-json\/wp\/v2\/types\/post"}],"author":[{"embeddable":true,"href":"https:\/\/lebaroudeur.ca\/fr_fr\/wp-json\/wp\/v2\/users\/6"}],"replies":[{"embeddable":true,"href":"https:\/\/lebaroudeur.ca\/fr_fr\/wp-json\/wp\/v2\/comments?post=18514"}],"version-history":[{"count":0,"href":"https:\/\/lebaroudeur.ca\/fr_fr\/wp-json\/wp\/v2\/posts\/18514\/revisions"}],"wp:featuredmedia":[{"embeddable":true,"href":"https:\/\/lebaroudeur.ca\/fr_fr\/wp-json\/wp\/v2\/media\/18516"}],"wp:attachment":[{"href":"https:\/\/lebaroudeur.ca\/fr_fr\/wp-json\/wp\/v2\/media?parent=18514"}],"wp:term":[{"taxonomy":"category","embeddable":true,"href":"https:\/\/lebaroudeur.ca\/fr_fr\/wp-json\/wp\/v2\/categories?post=18514"},{"taxonomy":"post_tag","embeddable":true,"href":"https:\/\/lebaroudeur.ca\/fr_fr\/wp-json\/wp\/v2\/tags?post=18514"}],"curies":[{"name":"wp","href":"https:\/\/api.w.org\/{rel}","templated":true}]}}