{"id":18565,"date":"2021-08-31T12:20:07","date_gmt":"2021-08-31T16:20:07","guid":{"rendered":"https:\/\/lebaroudeur.ca\/automne-gourmand-en-minivan\/"},"modified":"2024-06-07T05:53:48","modified_gmt":"2024-06-07T09:53:48","slug":"automne-gourmand-en-minivan","status":"publish","type":"post","link":"https:\/\/lebaroudeur.ca\/fr_fr\/automne-gourmand-en-minivan\/","title":{"rendered":"Un automne gourmand, fa\u00e7on Baroudeur"},"content":{"rendered":"\n<p>On le sait, l\u2019\u00e9t\u00e9 n\u2019est pas encore termin\u00e9, mais soyons r\u00e9aliste: l\u2019automne approche! <a href=\"https:\/\/lebaroudeur.ca\/fr_fr\/automne-au-quebec\/\" data-type=\"URL\" data-id=\"https:\/\/lebaroudeur.ca\/automne-au-quebec\/\">Saison chouchou pour certain.e.s <\/a>, redout\u00e9e par d\u2019autres, il reste que l\u2019automne est le moment de l\u2019ann\u00e9e tout indiqu\u00e9 pour partir se remplir la panse (et les armoires) d\u2019une foule de produits gourmands. Voici donc nos suggestions pour adoucir un peu l\u2019hiver jusqu\u2019\u00e0 la prochaine saison de <em>road trip<\/em> en van.<\/p>\n\n\n\n<div class=\"wp-block-image\"><figure class=\"aligncenter size-full\"><img decoding=\"async\" width=\"1080\" height=\"810\" data-src=\"https:\/\/lebaroudeur.ca\/wp-content\/uploads\/2021\/08\/Courges-automne-Lebaroudeur.jpg\" alt=\"Un automne gourmand au Qu\u00e9bec signifie autocueillette ! \" class=\"wp-image-16607 lazyload\" title=\"\" src=\"data:image\/svg+xml;base64,PHN2ZyB3aWR0aD0iMSIgaGVpZ2h0PSIxIiB4bWxucz0iaHR0cDovL3d3dy53My5vcmcvMjAwMC9zdmciPjwvc3ZnPg==\" style=\"--smush-placeholder-width: 1080px; --smush-placeholder-aspect-ratio: 1080\/810;\"><figcaption><em>C&rsquo;est le moment id\u00e9al pour aller choisir les plus belles courges directement dans les champs des producteurs.trices locaux! <\/em><\/figcaption><\/figure><\/div>\n\n\n\n<h2 class=\"wp-block-heading\">Suivre les routes gourmandes pour vivre un automne gourmand<\/h2>\n\n\n\n<p>Il y a une foule d\u2019itin\u00e9raires \u00e0 faire saliver \u00e0 travers la province. Par exemple, la r\u00e9gion du Centre-du-Qu\u00e9bec organise encore cette ann\u00e9e la Balade Gourmande qui propose 6 circuits d&rsquo;agrotourisme qui te porteront \u00e0 la rencontre des producteurs.trices de la r\u00e9gion de l\u2019\u00c9rable. Tu peux m\u00eame cr\u00e9er ton parcours personnalis\u00e9 avec les suggestions propos\u00e9es sur <a href=\"https:\/\/baladegourmande.ca\/\" target=\"_blank\" rel=\"noopener\">leur site internet<\/a>.&nbsp; La municipalit\u00e9 de B\u00e9cancour propose aussi quelques arr\u00eats int\u00e9ressants <a href=\"https:\/\/tourismebecancour.com\/profiter\/routes-et-circuits\/place-aux-saveurs-dici\" target=\"_blank\" rel=\"noopener\">ICI<\/a>. Du c\u00f4t\u00e9 de la Mont\u00e9r\u00e9gie, c\u2019est le <a href=\"https:\/\/www.bonjourquebec.com\/fr-ca\/ou-aller\/itineraires-et-routes\/le-circuit-du-paysan\" target=\"_blank\" rel=\"noopener\">Circuit du Paysan<\/a> qu\u2019il te faudra suivre pour savourer les d\u00e9lices de la r\u00e9gion de la pomme.&nbsp;Sinon, tu peux toujours prendre la direction des<a href=\"https:\/\/www.bonjourquebec.com\/fr-ca\/ou-aller\/itineraires-et-routes\/chemin-du-terroir\" data-type=\"URL\" data-id=\"https:\/\/www.bonjourquebec.com\/fr-ca\/ou-aller\/itineraires-et-routes\/chemin-du-terroir\" target=\"_blank\" rel=\"noopener\"> Laurentides et suivre Le Chemin du Terroir<\/a>. Tu y raviras tant tes papilles que ta curiosit\u00e9 dans cette r\u00e9gion riche en culture, en  patrimoine et en histoire ! Qu&rsquo;est-ce qui t&rsquo;attire le plus ? Les vergers verdoyants, les vignobles tranquilles, ou les courges aux formes incongrues ? Nous, on a envie de go\u00fbter \u00e0 tout ! <\/p>\n\n\n\n<div class=\"wp-block-image\"><figure class=\"aligncenter size-large\"><img decoding=\"async\" width=\"1024\" height=\"678\" data-src=\"https:\/\/lebaroudeur.ca\/wp-content\/uploads\/2021\/08\/Cafe-camping-LeBaroudeur-1024x678.jpg\" alt=\"\" class=\"wp-image-16599 lazyload\" title=\"\" src=\"data:image\/svg+xml;base64,PHN2ZyB3aWR0aD0iMSIgaGVpZ2h0PSIxIiB4bWxucz0iaHR0cDovL3d3dy53My5vcmcvMjAwMC9zdmciPjwvc3ZnPg==\" style=\"--smush-placeholder-width: 1024px; --smush-placeholder-aspect-ratio: 1024\/678;\"><figcaption><em>Des confitures faites maison, du pain frais, et un caf\u00e9 r\u00e9confortant&#8230;. quoi de mieux ? <\/em><\/figcaption><\/figure><\/div>\n\n\n\n<h2 class=\"wp-block-heading\">Profiter de la Saison pour faire des r\u00e9coltes<\/h2>\n\n\n\n<p>Qui dit automne dit saison des r\u00e9coltes! C\u2019est donc le temps de faire le plein des douceurs de l\u2019\u00e9t\u00e9 pour faire durer le plaisir durant l\u2019hiver. Petits fruits, tomates, pommes, courges, l\u00e9gumes de toutes sortes, allez! Tu nous remercieras quand tu te feras un smoothie aux fraises de l\u2019\u00cele d\u2019Orl\u00e9ans au mois de janvier et que tu te r\u00e9chaufferas l\u2019\u00e2me avec un d\u00e9licieux potage de citrouille en plein hiver. Tu peux consulter le calendrier des r\u00e9coltes sur le site de <a href=\"https:\/\/mangezquebec.com\/fr\/calendrier-des-arrivages\/\" target=\"_blank\" rel=\"noopener\">Mangez Qu\u00e9bec<\/a> pour conna\u00eetre le bon moment pour faire des r\u00e9serves de tes produits locaux pr\u00e9f\u00e9r\u00e9s. <\/p>\n\n\n\n<div class=\"wp-block-columns are-vertically-aligned-top is-layout-flex wp-container-core-columns-is-layout-9d6595d7 wp-block-columns-is-layout-flex\">\n<div class=\"wp-block-column is-vertically-aligned-top is-layout-flow wp-block-column-is-layout-flow\">\n<h2 class=\"wp-block-heading\">Les couleurs, mais pas que!<\/h2>\n\n\n\n<p>C\u2019est certain, on ne pouvait pas passer \u00e0 c\u00f4t\u00e9! Les couleurs d\u2019automne sont un <em>must <\/em>quand on pense aux road trip automnaux. Qu\u2019\u00e0 cela ne tienne, on pense que tu peux trouver le meilleur des 2 mondes en te posant sur la douce \u00eele d\u2019Orl\u00e9ans, LA destination gourmande dans la r\u00e9gion de Qu\u00e9bec. Si tu y vas \u00e0 la fin du mois de septembre\/d\u00e9but octobre, tu auras droit au magnifique spectacle de couleurs qui s\u2019offre \u00e0 toi de l\u2019autre c\u00f4t\u00e9 de la rive, sur la c\u00f4te de Beaupr\u00e9. Tu trouveras <a href=\"https:\/\/www.quebec-cite.com\/fr\/restaurants-quebec\/ile-orleans-arrets-gourmands\" target=\"_blank\" rel=\"noopener\">ICI<\/a> des suggestions d\u2019arr\u00eats pour locavores, dont la <a href=\"https:\/\/www.cassismonna.com\/fr\/\" target=\"_blank\" rel=\"noopener\">Maison Cassis Monna &amp; Filles<\/a> (coup de coeur de Marie-Pier) et la divine <a href=\"https:\/\/www.tigidou.ca\/?utm_source=quebec-cite.com&amp;utm_medium=affiliate&amp;utm_campaign=OTQ&amp;utm_content=web\" target=\"_blank\" rel=\"noopener\">Confiturerie Tiguidou<\/a> (coup de coeur de Louise). Tes papilles gustatives feront des \u00e9tincelles, c\u2019est promis!<\/p>\n\n\n\n<p>Allez, prends des v\u00eatements douillets, une couverture chaude et pars \u00e0 l\u2019aventure sur les routes du Qu\u00e9bec! Encore mieux, fais-le en minivan am\u00e9nag\u00e9e! On te promet une exp\u00e9rience des plus trippante \ud83d\ude42<\/p>\n<\/div>\n\n\n\n<div class=\"wp-block-column is-vertically-aligned-top is-layout-flow wp-block-column-is-layout-flow\">\n<figure class=\"wp-block-image size-large is-resized\"><img decoding=\"async\" data-src=\"https:\/\/lebaroudeur.ca\/wp-content\/uploads\/2021\/08\/Tiguidou-IleOleans-Lebaroudeur-768x1024.jpg\" alt=\"\" class=\"wp-image-16605 lazyload\" width=\"338\" height=\"437\" title=\"\" src=\"data:image\/svg+xml;base64,PHN2ZyB3aWR0aD0iMSIgaGVpZ2h0PSIxIiB4bWxucz0iaHR0cDovL3d3dy53My5vcmcvMjAwMC9zdmciPjwvc3ZnPg==\" style=\"--smush-placeholder-width: 338px; --smush-placeholder-aspect-ratio: 338\/437;\"><figcaption><em>La confiturerie Tiguidou,<\/em>  <em>une v\u00e9ritable histoire d&rsquo;amour ! <\/em><\/figcaption><\/figure>\n\n\n\n<p><\/p>\n<\/div>\n<\/div>\n\n\n\n<p>Tu h\u00e9sites encore \u00e0 partir en road trip pendant l&rsquo;automne ? <a href=\"https:\/\/lebaroudeur.ca\/fr_fr\/automne-au-quebec\/\" data-type=\"URL\" data-id=\"https:\/\/lebaroudeur.ca\/automne-au-quebec\/\">Voici un petit article qui t&rsquo;explique pourquoi cette saison est la meilleure pour d\u00e9couvrir le Qu\u00e9bec en van <\/a>! (Psst ! Si \u00e7a te parle, il nous reste quelques vans disponibles \u00e0 rabais pour un voyage en automne, alors contacte-nous \ud83d\ude09 )<\/p>\n","protected":false},"excerpt":{"rendered":"<p>On le sait, l\u2019\u00e9t\u00e9 n\u2019est pas encore termin\u00e9, mais soyons r\u00e9aliste: l\u2019automne approche! Saison chouchou pour certain.e.s , redout\u00e9e par d\u2019autres, il reste que l\u2019automne est le moment de l\u2019ann\u00e9e tout indiqu\u00e9 pour partir se remplir la panse (et les armoires) d\u2019une foule de produits gourmands. Voici donc nos suggestions pour adoucir un peu l\u2019hiver [&hellip;]<\/p>\n","protected":false},"author":6,"featured_media":18566,"comment_status":"open","ping_status":"open","sticky":false,"template":"","format":"standard","meta":{"_et_pb_use_builder":"off","_et_pb_old_content":"","_et_gb_content_width":"","content-type":"","footnotes":""},"categories":[242,255],"tags":[246,249,252],"class_list":["post-18565","post","type-post","status-publish","format-standard","has-post-thumbnail","hentry","category-conseils-fr_fr","category-voyages-fr_fr","tag-conseil-fr_fr","tag-roadtrip-fr_fr","tag-vanlife-fr_fr"],"_links":{"self":[{"href":"https:\/\/lebaroudeur.ca\/fr_fr\/wp-json\/wp\/v2\/posts\/18565","targetHints":{"allow":["GET"]}}],"collection":[{"href":"https:\/\/lebaroudeur.ca\/fr_fr\/wp-json\/wp\/v2\/posts"}],"about":[{"href":"https:\/\/lebaroudeur.ca\/fr_fr\/wp-json\/wp\/v2\/types\/post"}],"author":[{"embeddable":true,"href":"https:\/\/lebaroudeur.ca\/fr_fr\/wp-json\/wp\/v2\/users\/6"}],"replies":[{"embeddable":true,"href":"https:\/\/lebaroudeur.ca\/fr_fr\/wp-json\/wp\/v2\/comments?post=18565"}],"version-history":[{"count":0,"href":"https:\/\/lebaroudeur.ca\/fr_fr\/wp-json\/wp\/v2\/posts\/18565\/revisions"}],"wp:featuredmedia":[{"embeddable":true,"href":"https:\/\/lebaroudeur.ca\/fr_fr\/wp-json\/wp\/v2\/media\/18566"}],"wp:attachment":[{"href":"https:\/\/lebaroudeur.ca\/fr_fr\/wp-json\/wp\/v2\/media?parent=18565"}],"wp:term":[{"taxonomy":"category","embeddable":true,"href":"https:\/\/lebaroudeur.ca\/fr_fr\/wp-json\/wp\/v2\/categories?post=18565"},{"taxonomy":"post_tag","embeddable":true,"href":"https:\/\/lebaroudeur.ca\/fr_fr\/wp-json\/wp\/v2\/tags?post=18565"}],"curies":[{"name":"wp","href":"https:\/\/api.w.org\/{rel}","templated":true}]}}